{"id":3777,"date":"2020-09-04T17:08:46","date_gmt":"2020-09-04T15:08:46","guid":{"rendered":"http:\/\/nordringschule.de\/?p=3777"},"modified":"2020-09-04T17:08:46","modified_gmt":"2020-09-04T15:08:46","slug":"rassismus-warum","status":"publish","type":"post","link":"https:\/\/nordringschule.de\/?p=3777","title":{"rendered":"Rassismus. Warum?"},"content":{"rendered":"<p>Die Sch\u00fcler und Sch\u00fclerinnen der Klasse 8\/9 besch\u00e4ftigen sich zur Zeit mit dem Thema Rassismus. Im Ethikunterricht haben sie sich Gedanken zum Thema Rassismus gemacht. In Kunst wurden Logos gegen Rassismus gestaltet.<\/p>\n<p>Gedanken zum Thema Rassismus<\/p>\n<p>&#8222;Ich finde, wenn man irgendwo Menschen sieht, die Andere beleidigen nur wegen der Hautfarbe und weil die aus einem anderen Land kommen oder weil die eine andere Religion haben und das noch gefilmt wird, ist das richtig dumm. So was zu machen, ist dumm. Damit werden die Leute ausgegrenzt. Wenn man das sieht, dass Andere beleidigt werden, dann sollte man denen helfen.&#8220;<\/p>\n<p>&#8222;Rassismus ist, wenn man jemanden diskriminiert wegen seiner Herkunft, wegen seiner Hautfarbe und wegen seiner Religion. Wegen der Hautfarbe angegriffen zu werden ist einfach unn\u00f6tig und dumm. Es ist egal welche Religion oder Hautfarbe oder welche Herkunft man hat. Rassismus ist einfach schlecht. Ich finde das ganz schlimm das es Rassismus gibt die Menschen die es erleben tun mir sehr leid sie werden auf Grund ihrer Hautfarbe diskriminiert sie f\u00fchlen sich dadurch wertlos und es verletzt sie sehr. Leute die rassistisch sind kommen immer davon das ist immer so sie werden f\u00fcr das was sie tun werden sie nicht bestraft und das finde ich sehr schlimm und falsch. Rassisten machen immer ein auf nett aber in Wirklichkeit sind sie das totale Gegenteil von nett sie reden erst nett mit ihnen und dann wen sie mit ihnen alleine sind zeigen sie ihr wahres Gesicht. Diese Leute machen die ganze Gesellschaft kaputt, diese Menschen m\u00fcssen gestoppt werden.&#8220;<\/p>\n<p>&#8222;Rassisten sind Menschen, die Ausl\u00e4nder nicht m\u00f6gen. Warum hassen die Ausl\u00e4nder? Es gibt gute Menschen und nicht Gute. Wegen einer Person, die nichts Gutes macht, muss man nicht alle hassen. Es gibt schwarze Menschen und wei\u00dfe Menschen. Es gibt reiche Menschen und arme Menschen. Es gibt Menschen mit braunen Augen und es gibt Menschen mit blauen, gr\u00fcnen Augen und viele Farben. Keiner kann sein Aussehen aussuchen. Wir sind alle gleich, deswegen muss man nicht \u00fcber andere reden oder andere auslachen.<br \/>\nRassismus ist Diskriminierung wegen einer anderen Hautfarbe oder Religion. Wenn man von einem anderen Land kommt, dann sagt man nicht \u201egeh weg!\u201c, sondern man muss sagen \u201eherzlich willkommen in unserem Land!\u201c.<br \/>\nManchmal gehen Sch\u00fcler in die Schule und in der Schule sagen sie \u201egeh weg, du Ausl\u00e4nder!\u201c. Manche Leute schlafen auf der Stra\u00dfe und werden schlecht behandelt.Sie haben kein Zuhause und keine Decke. Immer wird es Leute geben, die eine andere Hautfarbe haben.&#8220;<\/p>\n<p>&#8222;Rassismus betrifft jeden, auch Hellh\u00e4utige, Dunkelh\u00e4utige und Asiaten. Warum gibt es Rassisten? Weil es Menschen auf dieser Welt gibt, die denken, dass sie besser sind als Andere, und wegen diesen Menschen geht unsere Gesellschaft kaputt. Es gibt auch Gruppen von Menschen, die noch in der Vergangenheit leben und denken, dass Rassismus ok w\u00e4re. Zum Beispiel sogenannte Rechtsradikale, die wollen dass die Ausl\u00e4nder aus Deutschland vertrieben werden sollen.&#8220;<\/p>\n<p>&#8222;Rassismus ist dumm. Es soll aufh\u00f6ren. Es ist doof, wegen der Hautfarbe jemanden schlecht zu behandeln. Es ist egal, welchen Glauben man hat, jeder Mensch ist gleich. Man soll jeden Menschen gleichbehandeln. Es regt mich auf, dass es so etwas \u00fcberhaupt gibt.&#8220;<\/p>\n<p>&#8222;Rassismus ist eine ganz schlechte Sache. Jeder Mensch muss gleich behandelt werden, egal ob schwarz oder wei\u00df. Jeder Mensch ist anders. Es gibt auch gute Schwarze, auch schlechte.<br \/>\nEs gibt auch schlechte Wei\u00dfe, auch gute. Jeder Mensch ist anders. Man darf nicht \u00fcber jeden Schwarzen schlecht denken. Ich bin wei\u00df, ich habe aber nichts gegen andere Menschen, die aus einem anderem Land kommen oder einen anderen Glauben haben.<br \/>\nRASSISMUS MUSS GESTOPPT WERDEN&#8220;<\/p>\n<p>&#8222;If you an a rassist , you will have a 70% chance to have a bad life. Just don\u00b4t be a rasict. Why do you like black dogs but not black people? The same thing with cats.<br \/>\nJust don\u00b4t be rasict, because it hurts black people and their souls.&#8220;<\/p>\n<p>&#8222;Ich finde Rassismus ist einer der schlimmsten Sachen, die es an Menschen gibt. Jede Person soll gleich behandelt werden und nicht wegen ihrer Hautfarbe, Herkunft oder Glaube kritisiert werden. Man sollte nicht gleich alle in einem Topf werfen und hassen, doch leider gibt es bis heute noch Rassismus. Es werden bis heute noch Menschen beschimpft wegen ihrer Herkunft.&#8220;<\/p>\n<p>&#8222;Auch ich wurde schon oft beschimpft aufgrund meiner Kultur und Lebensart. Ich kann davon sprechen, dass so etwas alles andere als sch\u00f6n oder angenehm ist. Man f\u00fchlt sich unsicher, auch wenn man es sich vielleicht nicht gefallen l\u00e4sst und es zumindest in Deutschland nicht mehr so schlimm wie vorher ist, f\u00fchlt man sich in manchen Sachen unwohl und unerw\u00fcnscht.&#8220;<\/p>\n<p>&#8222;Gegen Rassismus sollte man vorgehen. Es gibt keine Rassen unter uns Menschen und ich wei\u00df nicht, warum es Leute gibt, die denken, dass manche Menschen weniger wert sind. Wenn Gott gewollt h\u00e4tte, dass alle Menschen gleich sein sollen, h\u00e4tte er uns alle gleich erschaffen, aber das hat er nicht und damit will er uns zeigen, dass alle Menschen anders sind und gut so wie sie sind, in allen Farben und Kanten.&#8220;<\/p>\n\r\n\t\t<style type='text\/css'>\r\n\t\t\t#gallery-1 {\r\n\t\t\t\tmargin: auto;\r\n\t\t\t}\r\n\t\t\t#gallery-1 .gallery-item {\r\n\t\t\t\tfloat: left;\r\n\t\t\t\tmargin-top: 10px;\r\n\t\t\t\ttext-align: center;\r\n\t\t\t\twidth: 33%;\r\n\t\t\t}\r\n\t\t\t#gallery-1 img {\r\n\t\t\t\tborder: 2px solid #cfcfcf;\r\n\t\t\t}\r\n\t\t\t#gallery-1 .gallery-caption {\r\n\t\t\t\tmargin-left: 0;\r\n\t\t\t}\r\n\t\t<\/style>\r\n\t\t<!-- see gallery_shortcode() in wp-includes\/media.php -->\n\t\t<div id='gallery-1' class='gallery galleryid-3777 gallery-columns-3 gallery-size-thumbnail gallery1'><script type=\"text\/javascript\">\r\n\/\/ <![CDATA[\r\n\tjQuery(document).ready(function () {\r\n\t\tjQuery(\".gallery1 a\").attr(\"rel\",\"gallery1\");\t\r\n\t\tjQuery('a[rel=\"gallery1\"]').colorbox({maxWidth:\"95%\", maxHeight:\"95%\",title: function(){ return jQuery(this).children().attr(\"alt\"); }});\r\n\t});\r\n\/\/ ]]>\r\n<\/script>\n<dl class=\"gallery-item\">\n<dt class=\"gallery-icon\">\r\n<a href=\"https:\/\/nordringschule.de\/wp-content\/uploads\/2020\/09\/2020_09_RassismusLogo2-300x225.jpg\" title=\"\" rel=\"gallery1\"><img loading=\"lazy\" decoding=\"async\" src=\"https:\/\/nordringschule.de\/wp-content\/uploads\/2020\/09\/2020_09_RassismusLogo2-150x150.jpg\" width=\"150\" height=\"150\" alt=\"\" \/><\/a>\r\n<\/dt><\/dl><dl class=\"gallery-item\">\n<dt class=\"gallery-icon\">\r\n<a href=\"https:\/\/nordringschule.de\/wp-content\/uploads\/2020\/09\/2020_09_RassismusLogo3-300x225.jpg\" title=\"\" rel=\"gallery1\"><img loading=\"lazy\" decoding=\"async\" src=\"https:\/\/nordringschule.de\/wp-content\/uploads\/2020\/09\/2020_09_RassismusLogo3-150x150.jpg\" width=\"150\" height=\"150\" alt=\"\" \/><\/a>\r\n<\/dt><\/dl><dl class=\"gallery-item\">\n<dt class=\"gallery-icon\">\r\n<a href=\"https:\/\/nordringschule.de\/wp-content\/uploads\/2020\/09\/2020_09_RassismusLogo1-300x225.jpg\" title=\"\" rel=\"gallery1\"><img loading=\"lazy\" decoding=\"async\" src=\"https:\/\/nordringschule.de\/wp-content\/uploads\/2020\/09\/2020_09_RassismusLogo1-150x150.jpg\" width=\"150\" height=\"150\" alt=\"\" \/><\/a>\r\n<\/dt><\/dl><br style=\"clear: both\" \/><dl class=\"gallery-item\">\n<dt class=\"gallery-icon\">\r\n<a href=\"https:\/\/nordringschule.de\/wp-content\/uploads\/2020\/09\/2020_09_RassismusLogo4-300x225.jpg\" title=\"\" rel=\"gallery1\"><img loading=\"lazy\" decoding=\"async\" src=\"https:\/\/nordringschule.de\/wp-content\/uploads\/2020\/09\/2020_09_RassismusLogo4-150x150.jpg\" width=\"150\" height=\"150\" alt=\"\" \/><\/a>\r\n<\/dt><\/dl><dl class=\"gallery-item\">\n<dt class=\"gallery-icon\">\r\n<a href=\"https:\/\/nordringschule.de\/wp-content\/uploads\/2020\/09\/2020_09_RassismusLogo5-300x225.jpg\" title=\"\" rel=\"gallery1\"><img loading=\"lazy\" decoding=\"async\" src=\"https:\/\/nordringschule.de\/wp-content\/uploads\/2020\/09\/2020_09_RassismusLogo5-150x150.jpg\" width=\"150\" height=\"150\" alt=\"\" \/><\/a>\r\n<\/dt><\/dl><dl class=\"gallery-item\">\n<dt class=\"gallery-icon\">\r\n<a href=\"https:\/\/nordringschule.de\/wp-content\/uploads\/2020\/09\/2020_09_RassismusLogo6-300x225.jpg\" title=\"\" rel=\"gallery1\"><img loading=\"lazy\" decoding=\"async\" src=\"https:\/\/nordringschule.de\/wp-content\/uploads\/2020\/09\/2020_09_RassismusLogo6-150x150.jpg\" width=\"150\" height=\"150\" alt=\"\" \/><\/a>\r\n<\/dt><\/dl><br style=\"clear: both\" \/>\r\n\t\t<\/div>\n\n","protected":false},"excerpt":{"rendered":"<p>Die Sch\u00fcler und Sch\u00fclerinnen der Klasse 8\/9 besch\u00e4ftigen sich zur Zeit mit dem Thema Rassismus. Im Ethikunterricht haben sie sich Gedanken zum Thema Rassismus gemacht. In Kunst wurden Logos gegen Rassismus gestaltet. Gedanken zum Thema Rassismus &#8222;Ich finde, wenn man &hellip; <a href=\"https:\/\/nordringschule.de\/?p=3777\">Weiterlesen <span class=\"meta-nav\">&rarr;<\/span><\/a><\/p>\n","protected":false},"author":1,"featured_media":0,"comment_status":"open","ping_status":"open","sticky":false,"template":"","format":"standard","meta":{"ngg_post_thumbnail":0,"footnotes":""},"categories":[8],"tags":[300,339,338,151,55,337],"class_list":["post-3777","post","type-post","status-publish","format-standard","hentry","category-berichte","tag-300","tag-ethikunterricht","tag-klasse-8-9","tag-kunstunterricht","tag-oberstufe","tag-rassismus"],"_links":{"self":[{"href":"https:\/\/nordringschule.de\/index.php?rest_route=\/wp\/v2\/posts\/3777","targetHints":{"allow":["GET"]}}],"collection":[{"href":"https:\/\/nordringschule.de\/index.php?rest_route=\/wp\/v2\/posts"}],"about":[{"href":"https:\/\/nordringschule.de\/index.php?rest_route=\/wp\/v2\/types\/post"}],"author":[{"embeddable":true,"href":"https:\/\/nordringschule.de\/index.php?rest_route=\/wp\/v2\/users\/1"}],"replies":[{"embeddable":true,"href":"https:\/\/nordringschule.de\/index.php?rest_route=%2Fwp%2Fv2%2Fcomments&post=3777"}],"version-history":[{"count":1,"href":"https:\/\/nordringschule.de\/index.php?rest_route=\/wp\/v2\/posts\/3777\/revisions"}],"predecessor-version":[{"id":3784,"href":"https:\/\/nordringschule.de\/index.php?rest_route=\/wp\/v2\/posts\/3777\/revisions\/3784"}],"wp:attachment":[{"href":"https:\/\/nordringschule.de\/index.php?rest_route=%2Fwp%2Fv2%2Fmedia&parent=3777"}],"wp:term":[{"taxonomy":"category","embeddable":true,"href":"https:\/\/nordringschule.de\/index.php?rest_route=%2Fwp%2Fv2%2Fcategories&post=3777"},{"taxonomy":"post_tag","embeddable":true,"href":"https:\/\/nordringschule.de\/index.php?rest_route=%2Fwp%2Fv2%2Ftags&post=3777"}],"curies":[{"name":"wp","href":"https:\/\/api.w.org\/{rel}","templated":true}]}}