{"id":2465,"date":"2017-11-11T11:57:29","date_gmt":"2017-11-11T10:57:29","guid":{"rendered":"http:\/\/nordringschule.de\/?p=2465"},"modified":"2017-11-16T12:06:47","modified_gmt":"2017-11-16T11:06:47","slug":"landtagsabgeordnete-und-schueler-im-gespraech","status":"publish","type":"post","link":"https:\/\/nordringschule.de\/?p=2465","title":{"rendered":"Landtagsabgeordnete und Sch\u00fcler im Gespr\u00e4ch"},"content":{"rendered":"<p>Am 9. November besuchten wie in den Jahren zuvor die beiden Landtagsabgeordneten Frau Christine Schneider (CDU) und Herr Wolfgang Schwarz (SPD) die Nordringschule, um den Sch\u00fclerinnen und Sch\u00fclern der Oberstufe gerade in geschichtlicher Hinsicht Rede und Antwort zu stehen.<\/p>\n<p><span style=\"font-weight: 300;\">Ein Sch\u00fcler schreibt dazu:<br \/>\n<\/span><em><span style=\"font-weight: 300;\">&#8222;Herr Schwarz, der Landtagsabgeordnete der SPD, besuchte anl\u00e4sslich des Gedenktages 9. November auch dieses Jahr wieder die Nordringschule. Die Klasse 9 V diskutierte mit ihm \u00fcber die Themen \u201eBildungspolitik\u201c, \u201eKommunalpolitik\u201c und \u201edie Parteienlandschaft Deutschlands\u201c. Die Sch\u00fcler befragten Herrn Schwarz auch hinsichtlich seiner privaten Interessen. Nat\u00fcrlich interessierte die Sch\u00fcler auch brennend, von welchem Fu\u00dfballverein Fan ist. Er gab zum Gl\u00fcck die passende Antwort. ;-)&#8220;<\/span><\/em><\/p>\n<p>Ein herzliches Dankesch\u00f6n an beide Landtagsabgeordneten!<\/p>\n<p><img loading=\"lazy\" decoding=\"async\" class=\"aligncenter size-large wp-image-2467\" alt=\"2017_11_SchwarzMDL\" src=\"http:\/\/nordringschule.de\/wp-content\/uploads\/2017\/11\/2017_11_SchwarzMDL-1024x576.jpg\" width=\"584\" height=\"328\" srcset=\"https:\/\/nordringschule.de\/wp-content\/uploads\/2017\/11\/2017_11_SchwarzMDL-1024x576.jpg 1024w, https:\/\/nordringschule.de\/wp-content\/uploads\/2017\/11\/2017_11_SchwarzMDL-300x168.jpg 300w, https:\/\/nordringschule.de\/wp-content\/uploads\/2017\/11\/2017_11_SchwarzMDL-500x281.jpg 500w, https:\/\/nordringschule.de\/wp-content\/uploads\/2017\/11\/2017_11_SchwarzMDL.jpg 1280w\" sizes=\"auto, (max-width: 584px) 100vw, 584px\" \/><\/p>\n","protected":false},"excerpt":{"rendered":"<p>Am 9. November besuchten wie in den Jahren zuvor die beiden Landtagsabgeordneten Frau Christine Schneider (CDU) und Herr Wolfgang Schwarz (SPD) die Nordringschule, um den Sch\u00fclerinnen und Sch\u00fclern der Oberstufe gerade in geschichtlicher Hinsicht Rede und Antwort zu stehen. Ein &hellip; <a href=\"https:\/\/nordringschule.de\/?p=2465\">Weiterlesen <span class=\"meta-nav\">&rarr;<\/span><\/a><\/p>\n","protected":false},"author":1,"featured_media":0,"comment_status":"open","ping_status":"open","sticky":false,"template":"","format":"standard","meta":{"ngg_post_thumbnail":0,"footnotes":""},"categories":[8],"tags":[182,219,55,161,220],"class_list":["post-2465","post","type-post","status-publish","format-standard","hentry","category-berichte","tag-182","tag-landtagsabgeordnete","tag-oberstufe","tag-politik","tag-reichsprogrome"],"_links":{"self":[{"href":"https:\/\/nordringschule.de\/index.php?rest_route=\/wp\/v2\/posts\/2465","targetHints":{"allow":["GET"]}}],"collection":[{"href":"https:\/\/nordringschule.de\/index.php?rest_route=\/wp\/v2\/posts"}],"about":[{"href":"https:\/\/nordringschule.de\/index.php?rest_route=\/wp\/v2\/types\/post"}],"author":[{"embeddable":true,"href":"https:\/\/nordringschule.de\/index.php?rest_route=\/wp\/v2\/users\/1"}],"replies":[{"embeddable":true,"href":"https:\/\/nordringschule.de\/index.php?rest_route=%2Fwp%2Fv2%2Fcomments&post=2465"}],"version-history":[{"count":1,"href":"https:\/\/nordringschule.de\/index.php?rest_route=\/wp\/v2\/posts\/2465\/revisions"}],"predecessor-version":[{"id":2468,"href":"https:\/\/nordringschule.de\/index.php?rest_route=\/wp\/v2\/posts\/2465\/revisions\/2468"}],"wp:attachment":[{"href":"https:\/\/nordringschule.de\/index.php?rest_route=%2Fwp%2Fv2%2Fmedia&parent=2465"}],"wp:term":[{"taxonomy":"category","embeddable":true,"href":"https:\/\/nordringschule.de\/index.php?rest_route=%2Fwp%2Fv2%2Fcategories&post=2465"},{"taxonomy":"post_tag","embeddable":true,"href":"https:\/\/nordringschule.de\/index.php?rest_route=%2Fwp%2Fv2%2Ftags&post=2465"}],"curies":[{"name":"wp","href":"https:\/\/api.w.org\/{rel}","templated":true}]}}